{"id":1639,"date":"2024-10-31T12:12:25","date_gmt":"2024-10-31T12:12:25","guid":{"rendered":"https:\/\/deldindesign.de\/?p=1639"},"modified":"2024-10-31T13:56:47","modified_gmt":"2024-10-31T13:56:47","slug":"vom-wert-des-handgemachten","status":"publish","type":"post","link":"https:\/\/deldindesign.de\/index.php\/2024\/10\/31\/vom-wert-des-handgemachten\/","title":{"rendered":"Sind Printprodukte <br>\u00fcberhaupt noch <br>zeitgem\u00e4\u00df?"},"content":{"rendered":"\t\t<div data-elementor-type=\"wp-post\" data-elementor-id=\"1639\" class=\"elementor elementor-1639\">\n\t\t\t\t\t\t<section class=\"elementor-section elementor-top-section elementor-element elementor-element-27c37fa7 elementor-section-boxed elementor-section-height-default elementor-section-height-default\" data-id=\"27c37fa7\" data-element_type=\"section\" data-e-type=\"section\">\n\t\t\t\t\t\t<div class=\"elementor-container elementor-column-gap-default\">\n\t\t\t\t\t<div class=\"elementor-column elementor-col-100 elementor-top-column elementor-element elementor-element-279074ce\" data-id=\"279074ce\" data-element_type=\"column\" data-e-type=\"column\">\n\t\t\t<div class=\"elementor-widget-wrap elementor-element-populated\">\n\t\t\t\t\t\t<div class=\"elementor-element elementor-element-47e8599a elementor-widget elementor-widget-text-editor\" data-id=\"47e8599a\" data-element_type=\"widget\" data-e-type=\"widget\" data-widget_type=\"text-editor.default\">\n\t\t\t\t<div class=\"elementor-widget-container\">\n\t\t\t\t\t\t\t\t\t<hr \/><h4>Gedruckte B\u00fccher und Magazine sind das t\u00e4glich Brot von del din design. Trotzdem stellt sich auch f\u00fcr uns die Frage: Sind Printprodukte \u00fcberhaupt noch zeitgem\u00e4\u00df? Wir leben nicht nur in digitalen Zeiten, wir leben auch mit K\u00fcnstlicher Intelligenz. Braucht es also noch menschliche Autoren und Fotografen, wo es doch ausgesprochen f\u00e4hige KI-Tools gibt? Und braucht es noch Publikationen aus Druckerschw\u00e4rze und Papier, wo wir zu jeder Tages- und Nachtzeit von allwissenden Smartphones umgeben sind?<\/h4><h4>Jeder Trend hat seinen Gegentrend. Schon deshalb geh\u00f6ren objekthaft produzierte, \u00e4sthetisch gestaltete Printprodukte zum Zeitgeist. Wenn uns die digital-rasanten Dinge aus der Hand zu gleiten scheinen, sehnen sich Menschen nach etwas Handfestem. \u00dcberschaubarem. Sinnlichem. Greifbarem. All das sind B\u00fccher und Magazine. Publikationen, die in einem namhaften Verlag erscheinen, besitzen zudem einen klaren Absender. Er fungiert als vertrauensw\u00fcrdige Instanz, als Editor, der abw\u00e4gt und kuratiert, bevor er etwas in die Welt gibt. Das Logo eines etablierten Buchverlags wird so zum Qualit\u00e4tssiegel. Ein echter Mehrwert in Zeiten von synthetischen Digitaltexten, die mit KI-basierten Sprachmodellen so schnell entstehen, dass sie kein Mensch mehr zu lesen vermag.<\/h4><h4>Echte B\u00fccher dagegen besitzen einen leibhaftigen, oftmals pers\u00f6nlich betroffenen Autor, der an entlegene Orte reisen, bis dato unbekannte Menschen besuchen und von seinen Erlebnissen berichten kann. Absolut unique. Leser w\u00fcnschen sich diesen besonderen, diesen einzigartigen Gegen\u00fcber. Ein Wesen aus Fleisch und Blut \u2013 ganz besonders bei Themen, die sie selbst belangen. Vielleicht kommt der Tag, an dem anfassbare, auf Papier produzierte Medien als die \u201eechten\u201c und damit glaubw\u00fcrdigen gelten. B\u00fccher und Magazine sind handmade, gewisserma\u00dfen. Jedes von ihnen birgt ein Investment, ihr Inhalt ist offensichtlich etwas wert. Gedruckt und gebunden lassen sie sich in die eigene Hand nehmen, so wie das Sauerteigbrot vom B\u00e4cker oder der unkaputtbare Suppentopf von Manufactum.<\/h4><h4>Sch\u00f6ne, gut gemachte B\u00fccher beruhigen. Sie sind ein Kulturgut, das uns Menschen entspringt. Der Printmarkt wird in Zukunft gewiss nicht wachsen, daf\u00fcr werden seine Produkte kostbarer. Mit einem Satz: Es gibt sie noch, die guten B\u00fccher.<\/h4><h4>P.S.: Da wir gerne wissen, wovon wir sprechen, arbeiten wir durchaus mit den unterschiedlichsten KI-Tools. Sie faszinieren uns, helfen uns bei der Arbeit und erg\u00e4nzen sie auch. Das zeigt an dieser Stelle \u201eGeorge\u201c. Er ist eine k\u00fcnstliche Stimme der generativen Sprach-KI \u201eElevenLabs\u201c. George liest unseren Text fast schon perfekt:<\/h4>\t\t\t\t\t\t\t\t<\/div>\n\t\t\t\t<\/div>\n\t\t\t\t\t<\/div>\n\t\t<\/div>\n\t\t\t\t\t<\/div>\n\t\t<\/section>\n\t\t\t\t<section class=\"elementor-section elementor-top-section elementor-element elementor-element-6b41980c elementor-section-boxed elementor-section-height-default elementor-section-height-default\" data-id=\"6b41980c\" data-element_type=\"section\" data-e-type=\"section\">\n\t\t\t\t\t\t<div class=\"elementor-container elementor-column-gap-default\">\n\t\t\t\t\t<div class=\"elementor-column elementor-col-100 elementor-top-column elementor-element elementor-element-145147a8\" data-id=\"145147a8\" data-element_type=\"column\" data-e-type=\"column\">\n\t\t\t<div class=\"elementor-widget-wrap elementor-element-populated\">\n\t\t\t\t\t\t<div class=\"elementor-element elementor-element-c596f3d elementor-widget elementor-widget-music-player\" data-id=\"c596f3d\" data-element_type=\"widget\" data-e-type=\"widget\" data-widget_type=\"music-player.default\">\n\t\t\t\t<div class=\"elementor-widget-container\">\n\t\t\t\t\t<article id=\"arbitrary-instance-69f2a204379e3\" class=\"iron_widget_radio srp_player_button\"><div class=\"iron-audioplayer  sonaar-no-artwork srp_hide_progressbar playlist_has_no_ctas\" id=\"arbitrary-instance-69f2a204379e3-205e451a56\" data-id=\"arbitrary-instance-69f2a204379e3\" data-track-sw-cursor=\"\" data-lazyload=\"\" data-albums=\"1639\" data-category=\"\" data-url-playlist=\"https:\/\/deldindesign.de\/?load=playlist.json&#038;title=&#038;albums=1639&#038;category=&#038;posts_not_in=&#038;category_not_in=&#038;author=&#038;feed_title=&#038;feed=1&#038;feed_img=&#038;el_widget_id=c596f3d&#038;artwork=&#038;posts_per_pages=-1&#038;all_category=&#038;single_playlist=&#038;reverse_tracklist=&#038;audio_meta_field=&#038;repeater_meta_field=&#038;import_file=&#038;rss_items=-1&#038;rss_item_title=&#038;is_favorite=&#038;is_recentlyplayed=&#038;srp_order=date_DESC\" data-sticky-player=\"\" data-shuffle=\"false\" data-playlist_title=\"\" data-scrollbar=\"\" data-wave-color=\"\" data-wave-progress-color=\"\" data-spectro=\"\" data-no-wave=\"\" data-hide-progressbar=\"1\" data-progress-bar-style=\"\"data-feedurl=\"1\" data-notrackskip=\"\" data-no-loop-tracklist=\"\" data-playertemplate =\"skin_boxed_tracklist\" data-hide-artwork =\"1\" data-speedrate=\"1\"  data-tracks-per-page=\"\" data-pagination_scroll_offset=\"\" data-adaptive-colors=\"\" data-adaptive-colors-freeze=\"\" style=\"opacity:0;\"><div class=\"srp_player_boxed srp_player_grid\"><div class=\"album-player sr_waveform_mediaElement\"><div class=\"srp_player_meta\"><\/div><div class=\"srp_control_box\">\n            <div class=\"srp-play-button play srp-play-button-label-container sricon-play\" href=\"#\" style=\"\">\n                <div role=\"button\" tabindex=\"0\" class=\"srp-play-button-label\" aria-label=\"Play\">Play<\/div>\n                <div role=\"button\" tabindex=\"0\" class=\"srp-pause-button-label\" aria-label=\"Pause\">Pause<\/div>\n            <\/div><div class=\"srp_wave_box\"> <div class=\"player sr_player__inline \" ><div class=\"sr_progressbar\">\n                <div id=\"arbitrary-instance-69f2a204379e3-59479f6158-wave\" class=\"wave\">\n                 \n        <div class=\"sonaar_fake_wave\" style=\"height:70px\"> \n            <audio src=\"\" class=\"sonaar_media_element\"><\/audio> \n            <div class=\"sonaar_wave_base\"> \n                <canvas id=\"sonaar_wave_base_canvas\" class=\"\" height=\"70\" width=\"2540\"><\/canvas> \n                <svg><\/svg> \n            <\/div> \n            <div class=\"sonaar_wave_cut\"> \n                <canvas id=\"sonaar_wave_cut_canvas\" class=\"\" height=\"70\" width=\"2540\"><\/canvas> \n                <svg><\/svg> \n            <\/div> \n        <\/div>\n                <\/div>\n                \n             <\/div><\/div><div class=\"srp_main_control\"><div class=\"control\"><div role=\"button\" tabindex=\"0\" class=\"play\" style=\"opacity:0;\" aria-label=\"Play\" title=\"Play\/Pause\">\n                <i class=\"sricon-play\"><\/i>\n            <\/div><div class=\"srp_track_cta\"><\/div><\/div><\/div><\/div><\/div><\/div><\/div><div class=\"playlist sr_waveform_mediaElement\"  id=\"playlist_arbitrary-instance-69f2a204379e3\"><div class=\"srp_tracklist\"><ul class=\"srp_list\"><li \n            class=\"sr-playlist-item\" \n            data-audiopath=\"https:\/\/deldindesign.de\/wp-content\/uploads\/2024\/10\/lowElevenLabs_2024-10-31T12_08_01_George_pre_s50_sb75_se0_b_m2-2.mp3\"\n            data-showloading=\"1\"\n            data-albumTitle=\"\"\n            data-albumArt=\"\"\n            data-releasedate=\"\"\n            data-date=\"\"\n            data-date-formated=\"\"\n            data-show-date=\"\"\n            data-trackTitle=\"lowElevenLabs_2024-10-31T12_08_01_George_pre_s50_sb75_se0_b_m2-2\"\n            data-artist=\"\"\n            data-trackID=\"1645\"\n            data-trackTime=\"2:49\"\n            data-relatedTrack=\"\"\n            data-post-url=\"\"\n            data-post-id=\"\"\n            data-track-pos=\"0\"\n            data-peakFile=\"https:\/\/deldindesign.de\/wp-content\/uploads\/audio_peaks\/1645.peak\"\n            data-peakFile-allow=\"name\"\n            data-is-preview=\"\"\n            data-track-lyric=\"\"><div class=\"sr-playlist-item-flex\"><span class=\"store-list\"><\/span><\/div><div class=\"srp_track_description\"><\/div><\/li><\/ul><\/div><\/div><div class=\"album-store\"><\/div><\/div><script id=\"srp_js_params_69f2a204379e3\">\n        var srp_player_params_69f2a204379e3 = {\"title\":\"\",\"store_title_text\":\"\",\"albums\":\"1639\",\"hide_artwork\":\"true\",\"sticky_player\":\"\",\"show_album_market\":\"false\",\"show_track_market\":\"true\",\"hide_timeline\":\"false\",\"elementor\":\"true\",\"tracks_per_page\":\"\",\"titletag_soundwave\":\"div\",\"titletag_playlist\":\"h3\",\"show_control_on_hover\":\"false\",\"show_playlist\":\"false\",\"reverse_tracklist\":\"\",\"wave_color\":\"\",\"wave_progress_color\":\"\",\"spectro\":\"\",\"shuffle\":\"\",\"searchbar\":\"\",\"searchbar_placeholder\":\"\",\"player_layout\":\"skin_boxed_tracklist\",\"feed\":\"1\",\"el_widget_id\":\"c596f3d\",\"orderby\":\"date\",\"order\":\"DESC\",\"hide_album_title\":\"true\",\"hide_album_subtitle\":\"true\",\"hide_player_title\":\"true\",\"hide_track_title\":\"true\",\"show_publish_date\":\"false\",\"show_skip_bt\":\"false\",\"show_volume_bt\":\"false\",\"show_speed_bt\":\"false\",\"show_shuffle_bt\":\"false\",\"use_play_label\":\"true\",\"use_play_label_with_icon\":\"true\",\"progressbar_inline\":\"true\",\"hide_progressbar\":\"true\",\"main_settings\":\"||\"} \n        var srp_player_params_args_69f2a204379e3 = {\"before_widget\":\"<article id=\\\"arbitrary-instance-69f2a204379e3\\\" class=\\\"iron_widget_radio srp_player_button\\\">\",\"after_widget\":\"<\\\/article>\",\"before_title\":\"<span class='heading-t3'><\\\/span><h3 class=\\\"widgettitle\\\">\",\"after_title\":\"<\\\/h3>\",\"widget_id\":\"arbitrary-instance-69f2a204379e3\"}  \n        <\/script><script>if(typeof setIronAudioplayers !== \"undefined\"){ setIronAudioplayers(\"arbitrary-instance-69f2a204379e3\"); }<\/script><\/article>\t\t\t\t<\/div>\n\t\t\t\t<\/div>\n\t\t\t\t<div class=\"elementor-element elementor-element-5f919424 elementor-widget elementor-widget-text-editor\" data-id=\"5f919424\" data-element_type=\"widget\" data-e-type=\"widget\" data-widget_type=\"text-editor.default\">\n\t\t\t\t<div class=\"elementor-widget-container\">\n\t\t\t\t\t\t\t\t\t<hr \/><p>\u00a0<\/p>\t\t\t\t\t\t\t\t<\/div>\n\t\t\t\t<\/div>\n\t\t\t\t\t<\/div>\n\t\t<\/div>\n\t\t\t\t\t<\/div>\n\t\t<\/section>\n\t\t\t\t<section class=\"elementor-section elementor-top-section elementor-element elementor-element-8cb633b elementor-section-boxed elementor-section-height-default elementor-section-height-default\" data-id=\"8cb633b\" data-element_type=\"section\" data-e-type=\"section\">\n\t\t\t\t\t\t<div class=\"elementor-container elementor-column-gap-default\">\n\t\t\t\t\t<div class=\"elementor-column elementor-col-100 elementor-top-column elementor-element elementor-element-578794d\" data-id=\"578794d\" data-element_type=\"column\" data-e-type=\"column\">\n\t\t\t<div class=\"elementor-widget-wrap\">\n\t\t\t\t\t\t\t<\/div>\n\t\t<\/div>\n\t\t\t\t\t<\/div>\n\t\t<\/section>\n\t\t\t\t<\/div>\n\t\t","protected":false},"excerpt":{"rendered":"<p>Gedruckte B\u00fccher und Magazine sind das t\u00e4glich Brot von del din design. Trotzdem stellt sich auch f\u00fcr uns die Frage: Sind Printprodukte \u00fcberhaupt noch zeitgem\u00e4\u00df? Wir leben nicht nur in digitalen Zeiten, wir leben auch mit K\u00fcnstlicher Intelligenz. Braucht es also noch menschliche Autoren und [&hellip;]<\/p>\n","protected":false},"author":1,"featured_media":1661,"comment_status":"closed","ping_status":"closed","sticky":false,"template":"","format":"standard","meta":{"footnotes":""},"categories":[19],"tags":[],"class_list":["post-1639","post","type-post","status-publish","format-standard","has-post-thumbnail","hentry","category-landscape"],"yoast_head":"<!-- This site is optimized with the Yoast SEO plugin v27.5 - https:\/\/yoast.com\/product\/yoast-seo-wordpress\/ -->\n<title>Sind Printprodukte \u00fcberhaupt noch zeitgem\u00e4\u00df? - del din design Sind Printprodukte \u00fcberhaupt noch zeitgem\u00e4\u00df?<\/title>\n<meta name=\"robots\" content=\"index, follow, max-snippet:-1, max-image-preview:large, max-video-preview:-1\" \/>\n<link rel=\"canonical\" href=\"https:\/\/deldindesign.de\/index.php\/2024\/10\/31\/vom-wert-des-handgemachten\/\" \/>\n<meta property=\"og:locale\" content=\"de_DE\" \/>\n<meta property=\"og:type\" content=\"article\" \/>\n<meta property=\"og:title\" content=\"Sind Printprodukte \u00fcberhaupt noch zeitgem\u00e4\u00df? - del din design Sind Printprodukte \u00fcberhaupt noch zeitgem\u00e4\u00df?\" \/>\n<meta property=\"og:description\" content=\"Gedruckte B\u00fccher und Magazine sind das t\u00e4glich Brot von del din design. Trotzdem stellt sich auch f\u00fcr uns die Frage: Sind Printprodukte \u00fcberhaupt noch zeitgem\u00e4\u00df? Wir leben nicht nur in digitalen Zeiten, wir leben auch mit K\u00fcnstlicher Intelligenz. Braucht es also noch menschliche Autoren und [&hellip;]\" \/>\n<meta property=\"og:url\" content=\"https:\/\/deldindesign.de\/index.php\/2024\/10\/31\/vom-wert-des-handgemachten\/\" \/>\n<meta property=\"og:site_name\" content=\"del din design\" \/>\n<meta property=\"article:published_time\" content=\"2024-10-31T12:12:25+00:00\" \/>\n<meta property=\"article:modified_time\" content=\"2024-10-31T13:56:47+00:00\" \/>\n<meta property=\"og:image\" content=\"https:\/\/deldindesign.de\/wp-content\/uploads\/2024\/10\/Handgemacht_Titel-1.png\" \/>\n\t<meta property=\"og:image:width\" content=\"970\" \/>\n\t<meta property=\"og:image:height\" content=\"1246\" \/>\n\t<meta property=\"og:image:type\" content=\"image\/png\" \/>\n<meta name=\"author\" content=\"deldindesign\" \/>\n<meta name=\"twitter:card\" content=\"summary_large_image\" \/>\n<meta name=\"twitter:label1\" content=\"Verfasst von\" \/>\n\t<meta name=\"twitter:data1\" content=\"deldindesign\" \/>\n\t<meta name=\"twitter:label2\" content=\"Gesch\u00e4tzte Lesezeit\" \/>\n\t<meta name=\"twitter:data2\" content=\"2\u00a0Minuten\" \/>\n<script type=\"application\/ld+json\" class=\"yoast-schema-graph\">{\"@context\":\"https:\\\/\\\/schema.org\",\"@graph\":[{\"@type\":\"Article\",\"@id\":\"https:\\\/\\\/deldindesign.de\\\/index.php\\\/2024\\\/10\\\/31\\\/vom-wert-des-handgemachten\\\/#article\",\"isPartOf\":{\"@id\":\"https:\\\/\\\/deldindesign.de\\\/index.php\\\/2024\\\/10\\\/31\\\/vom-wert-des-handgemachten\\\/\"},\"author\":{\"name\":\"deldindesign\",\"@id\":\"https:\\\/\\\/deldindesign.de\\\/#\\\/schema\\\/person\\\/58991c77e781cd3e8c254d59ed6d4e59\"},\"headline\":\"Sind Printprodukte \u00fcberhaupt noch zeitgem\u00e4\u00df?\",\"datePublished\":\"2024-10-31T12:12:25+00:00\",\"dateModified\":\"2024-10-31T13:56:47+00:00\",\"mainEntityOfPage\":{\"@id\":\"https:\\\/\\\/deldindesign.de\\\/index.php\\\/2024\\\/10\\\/31\\\/vom-wert-des-handgemachten\\\/\"},\"wordCount\":402,\"publisher\":{\"@id\":\"https:\\\/\\\/deldindesign.de\\\/#\\\/schema\\\/person\\\/58991c77e781cd3e8c254d59ed6d4e59\"},\"image\":{\"@id\":\"https:\\\/\\\/deldindesign.de\\\/index.php\\\/2024\\\/10\\\/31\\\/vom-wert-des-handgemachten\\\/#primaryimage\"},\"thumbnailUrl\":\"https:\\\/\\\/deldindesign.de\\\/wp-content\\\/uploads\\\/2024\\\/10\\\/Handgemacht_Titel-1.png\",\"articleSection\":[\"All\"],\"inLanguage\":\"de\"},{\"@type\":\"WebPage\",\"@id\":\"https:\\\/\\\/deldindesign.de\\\/index.php\\\/2024\\\/10\\\/31\\\/vom-wert-des-handgemachten\\\/\",\"url\":\"https:\\\/\\\/deldindesign.de\\\/index.php\\\/2024\\\/10\\\/31\\\/vom-wert-des-handgemachten\\\/\",\"name\":\"Sind Printprodukte \u00fcberhaupt noch zeitgem\u00e4\u00df? - del din design Sind Printprodukte \u00fcberhaupt noch zeitgem\u00e4\u00df?\",\"isPartOf\":{\"@id\":\"https:\\\/\\\/deldindesign.de\\\/#website\"},\"primaryImageOfPage\":{\"@id\":\"https:\\\/\\\/deldindesign.de\\\/index.php\\\/2024\\\/10\\\/31\\\/vom-wert-des-handgemachten\\\/#primaryimage\"},\"image\":{\"@id\":\"https:\\\/\\\/deldindesign.de\\\/index.php\\\/2024\\\/10\\\/31\\\/vom-wert-des-handgemachten\\\/#primaryimage\"},\"thumbnailUrl\":\"https:\\\/\\\/deldindesign.de\\\/wp-content\\\/uploads\\\/2024\\\/10\\\/Handgemacht_Titel-1.png\",\"datePublished\":\"2024-10-31T12:12:25+00:00\",\"dateModified\":\"2024-10-31T13:56:47+00:00\",\"breadcrumb\":{\"@id\":\"https:\\\/\\\/deldindesign.de\\\/index.php\\\/2024\\\/10\\\/31\\\/vom-wert-des-handgemachten\\\/#breadcrumb\"},\"inLanguage\":\"de\",\"potentialAction\":[{\"@type\":\"ReadAction\",\"target\":[\"https:\\\/\\\/deldindesign.de\\\/index.php\\\/2024\\\/10\\\/31\\\/vom-wert-des-handgemachten\\\/\"]}]},{\"@type\":\"ImageObject\",\"inLanguage\":\"de\",\"@id\":\"https:\\\/\\\/deldindesign.de\\\/index.php\\\/2024\\\/10\\\/31\\\/vom-wert-des-handgemachten\\\/#primaryimage\",\"url\":\"https:\\\/\\\/deldindesign.de\\\/wp-content\\\/uploads\\\/2024\\\/10\\\/Handgemacht_Titel-1.png\",\"contentUrl\":\"https:\\\/\\\/deldindesign.de\\\/wp-content\\\/uploads\\\/2024\\\/10\\\/Handgemacht_Titel-1.png\",\"width\":970,\"height\":1246},{\"@type\":\"BreadcrumbList\",\"@id\":\"https:\\\/\\\/deldindesign.de\\\/index.php\\\/2024\\\/10\\\/31\\\/vom-wert-des-handgemachten\\\/#breadcrumb\",\"itemListElement\":[{\"@type\":\"ListItem\",\"position\":1,\"name\":\"Startseite\",\"item\":\"https:\\\/\\\/deldindesign.de\\\/\"},{\"@type\":\"ListItem\",\"position\":2,\"name\":\"Sind Printprodukte \u00fcberhaupt noch zeitgem\u00e4\u00df?\"}]},{\"@type\":\"WebSite\",\"@id\":\"https:\\\/\\\/deldindesign.de\\\/#website\",\"url\":\"https:\\\/\\\/deldindesign.de\\\/\",\"name\":\"del din design\",\"description\":\"Agentur f\u00fcr Kommunikationsdesign\",\"publisher\":{\"@id\":\"https:\\\/\\\/deldindesign.de\\\/#\\\/schema\\\/person\\\/58991c77e781cd3e8c254d59ed6d4e59\"},\"potentialAction\":[{\"@type\":\"SearchAction\",\"target\":{\"@type\":\"EntryPoint\",\"urlTemplate\":\"https:\\\/\\\/deldindesign.de\\\/?s={search_term_string}\"},\"query-input\":{\"@type\":\"PropertyValueSpecification\",\"valueRequired\":true,\"valueName\":\"search_term_string\"}}],\"inLanguage\":\"de\"},{\"@type\":[\"Person\",\"Organization\"],\"@id\":\"https:\\\/\\\/deldindesign.de\\\/#\\\/schema\\\/person\\\/58991c77e781cd3e8c254d59ed6d4e59\",\"name\":\"deldindesign\",\"logo\":{\"@id\":\"https:\\\/\\\/deldindesign.de\\\/#\\\/schema\\\/person\\\/image\\\/\"},\"url\":\"https:\\\/\\\/deldindesign.de\\\/index.php\\\/author\\\/deldindesign\\\/\"}]}<\/script>\n<!-- \/ Yoast SEO plugin. -->","yoast_head_json":{"title":"Sind Printprodukte \u00fcberhaupt noch zeitgem\u00e4\u00df? - del din design Sind Printprodukte \u00fcberhaupt noch zeitgem\u00e4\u00df?","robots":{"index":"index","follow":"follow","max-snippet":"max-snippet:-1","max-image-preview":"max-image-preview:large","max-video-preview":"max-video-preview:-1"},"canonical":"https:\/\/deldindesign.de\/index.php\/2024\/10\/31\/vom-wert-des-handgemachten\/","og_locale":"de_DE","og_type":"article","og_title":"Sind Printprodukte \u00fcberhaupt noch zeitgem\u00e4\u00df? - del din design Sind Printprodukte \u00fcberhaupt noch zeitgem\u00e4\u00df?","og_description":"Gedruckte B\u00fccher und Magazine sind das t\u00e4glich Brot von del din design. Trotzdem stellt sich auch f\u00fcr uns die Frage: Sind Printprodukte \u00fcberhaupt noch zeitgem\u00e4\u00df? Wir leben nicht nur in digitalen Zeiten, wir leben auch mit K\u00fcnstlicher Intelligenz. Braucht es also noch menschliche Autoren und [&hellip;]","og_url":"https:\/\/deldindesign.de\/index.php\/2024\/10\/31\/vom-wert-des-handgemachten\/","og_site_name":"del din design","article_published_time":"2024-10-31T12:12:25+00:00","article_modified_time":"2024-10-31T13:56:47+00:00","og_image":[{"width":970,"height":1246,"url":"https:\/\/deldindesign.de\/wp-content\/uploads\/2024\/10\/Handgemacht_Titel-1.png","type":"image\/png"}],"author":"deldindesign","twitter_card":"summary_large_image","twitter_misc":{"Verfasst von":"deldindesign","Gesch\u00e4tzte Lesezeit":"2\u00a0Minuten"},"schema":{"@context":"https:\/\/schema.org","@graph":[{"@type":"Article","@id":"https:\/\/deldindesign.de\/index.php\/2024\/10\/31\/vom-wert-des-handgemachten\/#article","isPartOf":{"@id":"https:\/\/deldindesign.de\/index.php\/2024\/10\/31\/vom-wert-des-handgemachten\/"},"author":{"name":"deldindesign","@id":"https:\/\/deldindesign.de\/#\/schema\/person\/58991c77e781cd3e8c254d59ed6d4e59"},"headline":"Sind Printprodukte \u00fcberhaupt noch zeitgem\u00e4\u00df?","datePublished":"2024-10-31T12:12:25+00:00","dateModified":"2024-10-31T13:56:47+00:00","mainEntityOfPage":{"@id":"https:\/\/deldindesign.de\/index.php\/2024\/10\/31\/vom-wert-des-handgemachten\/"},"wordCount":402,"publisher":{"@id":"https:\/\/deldindesign.de\/#\/schema\/person\/58991c77e781cd3e8c254d59ed6d4e59"},"image":{"@id":"https:\/\/deldindesign.de\/index.php\/2024\/10\/31\/vom-wert-des-handgemachten\/#primaryimage"},"thumbnailUrl":"https:\/\/deldindesign.de\/wp-content\/uploads\/2024\/10\/Handgemacht_Titel-1.png","articleSection":["All"],"inLanguage":"de"},{"@type":"WebPage","@id":"https:\/\/deldindesign.de\/index.php\/2024\/10\/31\/vom-wert-des-handgemachten\/","url":"https:\/\/deldindesign.de\/index.php\/2024\/10\/31\/vom-wert-des-handgemachten\/","name":"Sind Printprodukte \u00fcberhaupt noch zeitgem\u00e4\u00df? - del din design Sind Printprodukte \u00fcberhaupt noch zeitgem\u00e4\u00df?","isPartOf":{"@id":"https:\/\/deldindesign.de\/#website"},"primaryImageOfPage":{"@id":"https:\/\/deldindesign.de\/index.php\/2024\/10\/31\/vom-wert-des-handgemachten\/#primaryimage"},"image":{"@id":"https:\/\/deldindesign.de\/index.php\/2024\/10\/31\/vom-wert-des-handgemachten\/#primaryimage"},"thumbnailUrl":"https:\/\/deldindesign.de\/wp-content\/uploads\/2024\/10\/Handgemacht_Titel-1.png","datePublished":"2024-10-31T12:12:25+00:00","dateModified":"2024-10-31T13:56:47+00:00","breadcrumb":{"@id":"https:\/\/deldindesign.de\/index.php\/2024\/10\/31\/vom-wert-des-handgemachten\/#breadcrumb"},"inLanguage":"de","potentialAction":[{"@type":"ReadAction","target":["https:\/\/deldindesign.de\/index.php\/2024\/10\/31\/vom-wert-des-handgemachten\/"]}]},{"@type":"ImageObject","inLanguage":"de","@id":"https:\/\/deldindesign.de\/index.php\/2024\/10\/31\/vom-wert-des-handgemachten\/#primaryimage","url":"https:\/\/deldindesign.de\/wp-content\/uploads\/2024\/10\/Handgemacht_Titel-1.png","contentUrl":"https:\/\/deldindesign.de\/wp-content\/uploads\/2024\/10\/Handgemacht_Titel-1.png","width":970,"height":1246},{"@type":"BreadcrumbList","@id":"https:\/\/deldindesign.de\/index.php\/2024\/10\/31\/vom-wert-des-handgemachten\/#breadcrumb","itemListElement":[{"@type":"ListItem","position":1,"name":"Startseite","item":"https:\/\/deldindesign.de\/"},{"@type":"ListItem","position":2,"name":"Sind Printprodukte \u00fcberhaupt noch zeitgem\u00e4\u00df?"}]},{"@type":"WebSite","@id":"https:\/\/deldindesign.de\/#website","url":"https:\/\/deldindesign.de\/","name":"del din design","description":"Agentur f\u00fcr Kommunikationsdesign","publisher":{"@id":"https:\/\/deldindesign.de\/#\/schema\/person\/58991c77e781cd3e8c254d59ed6d4e59"},"potentialAction":[{"@type":"SearchAction","target":{"@type":"EntryPoint","urlTemplate":"https:\/\/deldindesign.de\/?s={search_term_string}"},"query-input":{"@type":"PropertyValueSpecification","valueRequired":true,"valueName":"search_term_string"}}],"inLanguage":"de"},{"@type":["Person","Organization"],"@id":"https:\/\/deldindesign.de\/#\/schema\/person\/58991c77e781cd3e8c254d59ed6d4e59","name":"deldindesign","logo":{"@id":"https:\/\/deldindesign.de\/#\/schema\/person\/image\/"},"url":"https:\/\/deldindesign.de\/index.php\/author\/deldindesign\/"}]}},"_links":{"self":[{"href":"https:\/\/deldindesign.de\/index.php\/wp-json\/wp\/v2\/posts\/1639","targetHints":{"allow":["GET"]}}],"collection":[{"href":"https:\/\/deldindesign.de\/index.php\/wp-json\/wp\/v2\/posts"}],"about":[{"href":"https:\/\/deldindesign.de\/index.php\/wp-json\/wp\/v2\/types\/post"}],"author":[{"embeddable":true,"href":"https:\/\/deldindesign.de\/index.php\/wp-json\/wp\/v2\/users\/1"}],"replies":[{"embeddable":true,"href":"https:\/\/deldindesign.de\/index.php\/wp-json\/wp\/v2\/comments?post=1639"}],"version-history":[{"count":0,"href":"https:\/\/deldindesign.de\/index.php\/wp-json\/wp\/v2\/posts\/1639\/revisions"}],"wp:featuredmedia":[{"embeddable":true,"href":"https:\/\/deldindesign.de\/index.php\/wp-json\/wp\/v2\/media\/1661"}],"wp:attachment":[{"href":"https:\/\/deldindesign.de\/index.php\/wp-json\/wp\/v2\/media?parent=1639"}],"wp:term":[{"taxonomy":"category","embeddable":true,"href":"https:\/\/deldindesign.de\/index.php\/wp-json\/wp\/v2\/categories?post=1639"},{"taxonomy":"post_tag","embeddable":true,"href":"https:\/\/deldindesign.de\/index.php\/wp-json\/wp\/v2\/tags?post=1639"}],"curies":[{"name":"wp","href":"https:\/\/api.w.org\/{rel}","templated":true}]}}