{"id":1757,"date":"2025-06-23T14:33:16","date_gmt":"2025-06-23T14:33:16","guid":{"rendered":"https:\/\/deldindesign.de\/?p=1757"},"modified":"2025-06-23T14:46:53","modified_gmt":"2025-06-23T14:46:53","slug":"endlich-wieder-lachen","status":"publish","type":"post","link":"https:\/\/deldindesign.de\/index.php\/2025\/06\/23\/endlich-wieder-lachen\/","title":{"rendered":"Endlich wieder lachen"},"content":{"rendered":"\t\t<div data-elementor-type=\"wp-post\" data-elementor-id=\"1757\" class=\"elementor elementor-1757\">\n\t\t\t\t\t\t<section class=\"elementor-section elementor-top-section elementor-element elementor-element-237ecca1 elementor-section-boxed elementor-section-height-default elementor-section-height-default\" data-id=\"237ecca1\" data-element_type=\"section\" data-e-type=\"section\">\n\t\t\t\t\t\t<div class=\"elementor-container elementor-column-gap-default\">\n\t\t\t\t\t<div class=\"elementor-column elementor-col-100 elementor-top-column elementor-element elementor-element-70878b7a\" data-id=\"70878b7a\" data-element_type=\"column\" data-e-type=\"column\">\n\t\t\t<div class=\"elementor-widget-wrap elementor-element-populated\">\n\t\t\t\t\t\t<div class=\"elementor-element elementor-element-e879327 elementor-widget elementor-widget-text-editor\" data-id=\"e879327\" data-element_type=\"widget\" data-e-type=\"widget\" data-widget_type=\"text-editor.default\">\n\t\t\t\t<div class=\"elementor-widget-container\">\n\t\t\t\t\t\t\t\t\t<hr \/><h4><span style=\"color: #000000;\">Im Oktober 1945 feierte das Volkstheater Millowitsch als erste B\u00fchne K\u00f6lns nach dem Krieg die Wiederer\u00f6ffnung mit einem Schwank. Was folgte, war die unglaubliche Erfolgsgeschichte von Willy Millowitsch und seinem Theater, nicht nur in K\u00f6ln. <\/span><\/h4><h4><span style=\"color: #000000;\">80 Jahre sp\u00e4ter feiert am 27.9.2025 das Theaterst\u00fcck \u201eMillowitsch. Endlich wieder lachen\u201c Premiere: in der K\u00f6lner Volksb\u00fchne, dem ehemaligen Millowitsch Theater. Die Gemeinschaftsproduktion von Theater im Bauturm, Volksb\u00fchne am Rudolfplatz und K\u00f6lnerKulturAbo\/Verein Freie Volksb\u00fchne wirft aber nicht nur einen vielschichtigen Blick auf das Ph\u00e4nomen, auf die Legende Millowitsch. Sie fragt auch nach der politischen Rolle des Volkstheaters und der Bedeutung des Lachens in Krisenzeiten. In Zusammenarbeit mit PR K\u00f6ln haben wir das Designkonzept f\u00fcr das ambitionierte Projekt erarbeitet \u2013 vom Plakat \u00fcber die Bildmarke bis hin zur Social-Media-Optik f\u00fcr die anschlie\u00dfende Kommunikation.<\/span><\/h4>\t\t\t\t\t\t\t\t<\/div>\n\t\t\t\t<\/div>\n\t\t\t\t<div class=\"elementor-element elementor-element-1fc75b43 elementor-widget elementor-widget-image\" data-id=\"1fc75b43\" data-element_type=\"widget\" data-e-type=\"widget\" data-widget_type=\"image.default\">\n\t\t\t\t<div class=\"elementor-widget-container\">\n\t\t\t\t\t\t\t\t\t\t\t\t\t\t\t<img fetchpriority=\"high\" decoding=\"async\" width=\"796\" height=\"1024\" src=\"https:\/\/deldindesign.de\/wp-content\/uploads\/2025\/06\/Klein-Perspective_Poster_Frame_Mockups-796x1024.png\" class=\"attachment-large size-large wp-image-1766\" alt=\"\" srcset=\"https:\/\/deldindesign.de\/wp-content\/uploads\/2025\/06\/Klein-Perspective_Poster_Frame_Mockups-796x1024.png 796w, https:\/\/deldindesign.de\/wp-content\/uploads\/2025\/06\/Klein-Perspective_Poster_Frame_Mockups-233x300.png 233w, https:\/\/deldindesign.de\/wp-content\/uploads\/2025\/06\/Klein-Perspective_Poster_Frame_Mockups-768x988.png 768w, https:\/\/deldindesign.de\/wp-content\/uploads\/2025\/06\/Klein-Perspective_Poster_Frame_Mockups.png 940w\" sizes=\"(max-width: 796px) 100vw, 796px\" \/>\t\t\t\t\t\t\t\t\t\t\t\t\t\t\t<\/div>\n\t\t\t\t<\/div>\n\t\t\t\t\t<\/div>\n\t\t<\/div>\n\t\t\t\t\t<\/div>\n\t\t<\/section>\n\t\t\t\t<section class=\"elementor-section elementor-top-section elementor-element elementor-element-7f812a1b elementor-section-boxed elementor-section-height-default elementor-section-height-default\" data-id=\"7f812a1b\" data-element_type=\"section\" data-e-type=\"section\">\n\t\t\t\t\t\t<div class=\"elementor-container elementor-column-gap-default\">\n\t\t\t\t\t<div class=\"elementor-column elementor-col-100 elementor-top-column elementor-element elementor-element-76aa0013\" data-id=\"76aa0013\" data-element_type=\"column\" data-e-type=\"column\">\n\t\t\t<div class=\"elementor-widget-wrap elementor-element-populated\">\n\t\t\t\t\t\t<div class=\"elementor-element elementor-element-351d9f69 elementor-widget elementor-widget-text-editor\" data-id=\"351d9f69\" data-element_type=\"widget\" data-e-type=\"widget\" data-widget_type=\"text-editor.default\">\n\t\t\t\t<div class=\"elementor-widget-container\">\n\t\t\t\t\t\t\t\t\t<hr \/><h4>\u00a0<\/h4>\t\t\t\t\t\t\t\t<\/div>\n\t\t\t\t<\/div>\n\t\t\t\t\t<\/div>\n\t\t<\/div>\n\t\t\t\t\t<\/div>\n\t\t<\/section>\n\t\t\t\t<\/div>\n\t\t","protected":false},"excerpt":{"rendered":"<p>Im Oktober 1945 feierte das Volkstheater Millowitsch als erste B\u00fchne K\u00f6lns nach dem Krieg die Wiederer\u00f6ffnung mit einem Schwank. Was folgte, war die unglaubliche Erfolgsgeschichte von Willy Millowitsch und seinem Theater, nicht nur in K\u00f6ln. 80 Jahre sp\u00e4ter feiert am 27.9.2025 das Theaterst\u00fcck \u201eMillowitsch. Endlich [&hellip;]<\/p>\n","protected":false},"author":1,"featured_media":1764,"comment_status":"closed","ping_status":"closed","sticky":false,"template":"","format":"standard","meta":{"footnotes":""},"categories":[19,26],"tags":[],"class_list":["post-1757","post","type-post","status-publish","format-standard","has-post-thumbnail","hentry","category-landscape","category-travels"],"yoast_head":"<!-- This site is optimized with the Yoast SEO plugin v27.4 - https:\/\/yoast.com\/product\/yoast-seo-wordpress\/ -->\n<title>Endlich wieder lachen - del din design Endlich wieder lachen<\/title>\n<meta name=\"robots\" content=\"index, follow, max-snippet:-1, max-image-preview:large, max-video-preview:-1\" \/>\n<link rel=\"canonical\" href=\"https:\/\/deldindesign.de\/index.php\/2025\/06\/23\/endlich-wieder-lachen\/\" \/>\n<meta property=\"og:locale\" content=\"de_DE\" \/>\n<meta property=\"og:type\" content=\"article\" \/>\n<meta property=\"og:title\" content=\"Endlich wieder lachen - del din design Endlich wieder lachen\" \/>\n<meta property=\"og:description\" content=\"Im Oktober 1945 feierte das Volkstheater Millowitsch als erste B\u00fchne K\u00f6lns nach dem Krieg die Wiederer\u00f6ffnung mit einem Schwank. Was folgte, war die unglaubliche Erfolgsgeschichte von Willy Millowitsch und seinem Theater, nicht nur in K\u00f6ln. 80 Jahre sp\u00e4ter feiert am 27.9.2025 das Theaterst\u00fcck \u201eMillowitsch. Endlich [&hellip;]\" \/>\n<meta property=\"og:url\" content=\"https:\/\/deldindesign.de\/index.php\/2025\/06\/23\/endlich-wieder-lachen\/\" \/>\n<meta property=\"og:site_name\" content=\"del din design\" \/>\n<meta property=\"article:published_time\" content=\"2025-06-23T14:33:16+00:00\" \/>\n<meta property=\"article:modified_time\" content=\"2025-06-23T14:46:53+00:00\" \/>\n<meta property=\"og:image\" content=\"https:\/\/deldindesign.de\/wp-content\/uploads\/2025\/06\/Willi_Titel.png\" \/>\n\t<meta property=\"og:image:width\" content=\"970\" \/>\n\t<meta property=\"og:image:height\" content=\"1226\" \/>\n\t<meta property=\"og:image:type\" content=\"image\/png\" \/>\n<meta name=\"author\" content=\"deldindesign\" \/>\n<meta name=\"twitter:card\" content=\"summary_large_image\" \/>\n<meta name=\"twitter:label1\" content=\"Verfasst von\" \/>\n\t<meta name=\"twitter:data1\" content=\"deldindesign\" \/>\n\t<meta name=\"twitter:label2\" content=\"Gesch\u00e4tzte Lesezeit\" \/>\n\t<meta name=\"twitter:data2\" content=\"1\u00a0Minute\" \/>\n<script type=\"application\/ld+json\" class=\"yoast-schema-graph\">{\"@context\":\"https:\\\/\\\/schema.org\",\"@graph\":[{\"@type\":\"Article\",\"@id\":\"https:\\\/\\\/deldindesign.de\\\/index.php\\\/2025\\\/06\\\/23\\\/endlich-wieder-lachen\\\/#article\",\"isPartOf\":{\"@id\":\"https:\\\/\\\/deldindesign.de\\\/index.php\\\/2025\\\/06\\\/23\\\/endlich-wieder-lachen\\\/\"},\"author\":{\"name\":\"deldindesign\",\"@id\":\"https:\\\/\\\/deldindesign.de\\\/#\\\/schema\\\/person\\\/58991c77e781cd3e8c254d59ed6d4e59\"},\"headline\":\"Endlich wieder lachen\",\"datePublished\":\"2025-06-23T14:33:16+00:00\",\"dateModified\":\"2025-06-23T14:46:53+00:00\",\"mainEntityOfPage\":{\"@id\":\"https:\\\/\\\/deldindesign.de\\\/index.php\\\/2025\\\/06\\\/23\\\/endlich-wieder-lachen\\\/\"},\"wordCount\":143,\"publisher\":{\"@id\":\"https:\\\/\\\/deldindesign.de\\\/#\\\/schema\\\/person\\\/58991c77e781cd3e8c254d59ed6d4e59\"},\"image\":{\"@id\":\"https:\\\/\\\/deldindesign.de\\\/index.php\\\/2025\\\/06\\\/23\\\/endlich-wieder-lachen\\\/#primaryimage\"},\"thumbnailUrl\":\"https:\\\/\\\/deldindesign.de\\\/wp-content\\\/uploads\\\/2025\\\/06\\\/Willi_Titel.png\",\"articleSection\":[\"All\",\"Corporate Design\"],\"inLanguage\":\"de\"},{\"@type\":\"WebPage\",\"@id\":\"https:\\\/\\\/deldindesign.de\\\/index.php\\\/2025\\\/06\\\/23\\\/endlich-wieder-lachen\\\/\",\"url\":\"https:\\\/\\\/deldindesign.de\\\/index.php\\\/2025\\\/06\\\/23\\\/endlich-wieder-lachen\\\/\",\"name\":\"Endlich wieder lachen - del din design Endlich wieder lachen\",\"isPartOf\":{\"@id\":\"https:\\\/\\\/deldindesign.de\\\/#website\"},\"primaryImageOfPage\":{\"@id\":\"https:\\\/\\\/deldindesign.de\\\/index.php\\\/2025\\\/06\\\/23\\\/endlich-wieder-lachen\\\/#primaryimage\"},\"image\":{\"@id\":\"https:\\\/\\\/deldindesign.de\\\/index.php\\\/2025\\\/06\\\/23\\\/endlich-wieder-lachen\\\/#primaryimage\"},\"thumbnailUrl\":\"https:\\\/\\\/deldindesign.de\\\/wp-content\\\/uploads\\\/2025\\\/06\\\/Willi_Titel.png\",\"datePublished\":\"2025-06-23T14:33:16+00:00\",\"dateModified\":\"2025-06-23T14:46:53+00:00\",\"breadcrumb\":{\"@id\":\"https:\\\/\\\/deldindesign.de\\\/index.php\\\/2025\\\/06\\\/23\\\/endlich-wieder-lachen\\\/#breadcrumb\"},\"inLanguage\":\"de\",\"potentialAction\":[{\"@type\":\"ReadAction\",\"target\":[\"https:\\\/\\\/deldindesign.de\\\/index.php\\\/2025\\\/06\\\/23\\\/endlich-wieder-lachen\\\/\"]}]},{\"@type\":\"ImageObject\",\"inLanguage\":\"de\",\"@id\":\"https:\\\/\\\/deldindesign.de\\\/index.php\\\/2025\\\/06\\\/23\\\/endlich-wieder-lachen\\\/#primaryimage\",\"url\":\"https:\\\/\\\/deldindesign.de\\\/wp-content\\\/uploads\\\/2025\\\/06\\\/Willi_Titel.png\",\"contentUrl\":\"https:\\\/\\\/deldindesign.de\\\/wp-content\\\/uploads\\\/2025\\\/06\\\/Willi_Titel.png\",\"width\":970,\"height\":1226},{\"@type\":\"BreadcrumbList\",\"@id\":\"https:\\\/\\\/deldindesign.de\\\/index.php\\\/2025\\\/06\\\/23\\\/endlich-wieder-lachen\\\/#breadcrumb\",\"itemListElement\":[{\"@type\":\"ListItem\",\"position\":1,\"name\":\"Startseite\",\"item\":\"https:\\\/\\\/deldindesign.de\\\/\"},{\"@type\":\"ListItem\",\"position\":2,\"name\":\"Endlich wieder lachen\"}]},{\"@type\":\"WebSite\",\"@id\":\"https:\\\/\\\/deldindesign.de\\\/#website\",\"url\":\"https:\\\/\\\/deldindesign.de\\\/\",\"name\":\"del din design\",\"description\":\"Agentur f\u00fcr Kommunikationsdesign\",\"publisher\":{\"@id\":\"https:\\\/\\\/deldindesign.de\\\/#\\\/schema\\\/person\\\/58991c77e781cd3e8c254d59ed6d4e59\"},\"potentialAction\":[{\"@type\":\"SearchAction\",\"target\":{\"@type\":\"EntryPoint\",\"urlTemplate\":\"https:\\\/\\\/deldindesign.de\\\/?s={search_term_string}\"},\"query-input\":{\"@type\":\"PropertyValueSpecification\",\"valueRequired\":true,\"valueName\":\"search_term_string\"}}],\"inLanguage\":\"de\"},{\"@type\":[\"Person\",\"Organization\"],\"@id\":\"https:\\\/\\\/deldindesign.de\\\/#\\\/schema\\\/person\\\/58991c77e781cd3e8c254d59ed6d4e59\",\"name\":\"deldindesign\",\"logo\":{\"@id\":\"https:\\\/\\\/deldindesign.de\\\/#\\\/schema\\\/person\\\/image\\\/\"},\"url\":\"https:\\\/\\\/deldindesign.de\\\/index.php\\\/author\\\/deldindesign\\\/\"}]}<\/script>\n<!-- \/ Yoast SEO plugin. -->","yoast_head_json":{"title":"Endlich wieder lachen - del din design Endlich wieder lachen","robots":{"index":"index","follow":"follow","max-snippet":"max-snippet:-1","max-image-preview":"max-image-preview:large","max-video-preview":"max-video-preview:-1"},"canonical":"https:\/\/deldindesign.de\/index.php\/2025\/06\/23\/endlich-wieder-lachen\/","og_locale":"de_DE","og_type":"article","og_title":"Endlich wieder lachen - del din design Endlich wieder lachen","og_description":"Im Oktober 1945 feierte das Volkstheater Millowitsch als erste B\u00fchne K\u00f6lns nach dem Krieg die Wiederer\u00f6ffnung mit einem Schwank. Was folgte, war die unglaubliche Erfolgsgeschichte von Willy Millowitsch und seinem Theater, nicht nur in K\u00f6ln. 80 Jahre sp\u00e4ter feiert am 27.9.2025 das Theaterst\u00fcck \u201eMillowitsch. Endlich [&hellip;]","og_url":"https:\/\/deldindesign.de\/index.php\/2025\/06\/23\/endlich-wieder-lachen\/","og_site_name":"del din design","article_published_time":"2025-06-23T14:33:16+00:00","article_modified_time":"2025-06-23T14:46:53+00:00","og_image":[{"width":970,"height":1226,"url":"https:\/\/deldindesign.de\/wp-content\/uploads\/2025\/06\/Willi_Titel.png","type":"image\/png"}],"author":"deldindesign","twitter_card":"summary_large_image","twitter_misc":{"Verfasst von":"deldindesign","Gesch\u00e4tzte Lesezeit":"1\u00a0Minute"},"schema":{"@context":"https:\/\/schema.org","@graph":[{"@type":"Article","@id":"https:\/\/deldindesign.de\/index.php\/2025\/06\/23\/endlich-wieder-lachen\/#article","isPartOf":{"@id":"https:\/\/deldindesign.de\/index.php\/2025\/06\/23\/endlich-wieder-lachen\/"},"author":{"name":"deldindesign","@id":"https:\/\/deldindesign.de\/#\/schema\/person\/58991c77e781cd3e8c254d59ed6d4e59"},"headline":"Endlich wieder lachen","datePublished":"2025-06-23T14:33:16+00:00","dateModified":"2025-06-23T14:46:53+00:00","mainEntityOfPage":{"@id":"https:\/\/deldindesign.de\/index.php\/2025\/06\/23\/endlich-wieder-lachen\/"},"wordCount":143,"publisher":{"@id":"https:\/\/deldindesign.de\/#\/schema\/person\/58991c77e781cd3e8c254d59ed6d4e59"},"image":{"@id":"https:\/\/deldindesign.de\/index.php\/2025\/06\/23\/endlich-wieder-lachen\/#primaryimage"},"thumbnailUrl":"https:\/\/deldindesign.de\/wp-content\/uploads\/2025\/06\/Willi_Titel.png","articleSection":["All","Corporate Design"],"inLanguage":"de"},{"@type":"WebPage","@id":"https:\/\/deldindesign.de\/index.php\/2025\/06\/23\/endlich-wieder-lachen\/","url":"https:\/\/deldindesign.de\/index.php\/2025\/06\/23\/endlich-wieder-lachen\/","name":"Endlich wieder lachen - del din design Endlich wieder lachen","isPartOf":{"@id":"https:\/\/deldindesign.de\/#website"},"primaryImageOfPage":{"@id":"https:\/\/deldindesign.de\/index.php\/2025\/06\/23\/endlich-wieder-lachen\/#primaryimage"},"image":{"@id":"https:\/\/deldindesign.de\/index.php\/2025\/06\/23\/endlich-wieder-lachen\/#primaryimage"},"thumbnailUrl":"https:\/\/deldindesign.de\/wp-content\/uploads\/2025\/06\/Willi_Titel.png","datePublished":"2025-06-23T14:33:16+00:00","dateModified":"2025-06-23T14:46:53+00:00","breadcrumb":{"@id":"https:\/\/deldindesign.de\/index.php\/2025\/06\/23\/endlich-wieder-lachen\/#breadcrumb"},"inLanguage":"de","potentialAction":[{"@type":"ReadAction","target":["https:\/\/deldindesign.de\/index.php\/2025\/06\/23\/endlich-wieder-lachen\/"]}]},{"@type":"ImageObject","inLanguage":"de","@id":"https:\/\/deldindesign.de\/index.php\/2025\/06\/23\/endlich-wieder-lachen\/#primaryimage","url":"https:\/\/deldindesign.de\/wp-content\/uploads\/2025\/06\/Willi_Titel.png","contentUrl":"https:\/\/deldindesign.de\/wp-content\/uploads\/2025\/06\/Willi_Titel.png","width":970,"height":1226},{"@type":"BreadcrumbList","@id":"https:\/\/deldindesign.de\/index.php\/2025\/06\/23\/endlich-wieder-lachen\/#breadcrumb","itemListElement":[{"@type":"ListItem","position":1,"name":"Startseite","item":"https:\/\/deldindesign.de\/"},{"@type":"ListItem","position":2,"name":"Endlich wieder lachen"}]},{"@type":"WebSite","@id":"https:\/\/deldindesign.de\/#website","url":"https:\/\/deldindesign.de\/","name":"del din design","description":"Agentur f\u00fcr Kommunikationsdesign","publisher":{"@id":"https:\/\/deldindesign.de\/#\/schema\/person\/58991c77e781cd3e8c254d59ed6d4e59"},"potentialAction":[{"@type":"SearchAction","target":{"@type":"EntryPoint","urlTemplate":"https:\/\/deldindesign.de\/?s={search_term_string}"},"query-input":{"@type":"PropertyValueSpecification","valueRequired":true,"valueName":"search_term_string"}}],"inLanguage":"de"},{"@type":["Person","Organization"],"@id":"https:\/\/deldindesign.de\/#\/schema\/person\/58991c77e781cd3e8c254d59ed6d4e59","name":"deldindesign","logo":{"@id":"https:\/\/deldindesign.de\/#\/schema\/person\/image\/"},"url":"https:\/\/deldindesign.de\/index.php\/author\/deldindesign\/"}]}},"_links":{"self":[{"href":"https:\/\/deldindesign.de\/index.php\/wp-json\/wp\/v2\/posts\/1757","targetHints":{"allow":["GET"]}}],"collection":[{"href":"https:\/\/deldindesign.de\/index.php\/wp-json\/wp\/v2\/posts"}],"about":[{"href":"https:\/\/deldindesign.de\/index.php\/wp-json\/wp\/v2\/types\/post"}],"author":[{"embeddable":true,"href":"https:\/\/deldindesign.de\/index.php\/wp-json\/wp\/v2\/users\/1"}],"replies":[{"embeddable":true,"href":"https:\/\/deldindesign.de\/index.php\/wp-json\/wp\/v2\/comments?post=1757"}],"version-history":[{"count":7,"href":"https:\/\/deldindesign.de\/index.php\/wp-json\/wp\/v2\/posts\/1757\/revisions"}],"predecessor-version":[{"id":1769,"href":"https:\/\/deldindesign.de\/index.php\/wp-json\/wp\/v2\/posts\/1757\/revisions\/1769"}],"wp:featuredmedia":[{"embeddable":true,"href":"https:\/\/deldindesign.de\/index.php\/wp-json\/wp\/v2\/media\/1764"}],"wp:attachment":[{"href":"https:\/\/deldindesign.de\/index.php\/wp-json\/wp\/v2\/media?parent=1757"}],"wp:term":[{"taxonomy":"category","embeddable":true,"href":"https:\/\/deldindesign.de\/index.php\/wp-json\/wp\/v2\/categories?post=1757"},{"taxonomy":"post_tag","embeddable":true,"href":"https:\/\/deldindesign.de\/index.php\/wp-json\/wp\/v2\/tags?post=1757"}],"curies":[{"name":"wp","href":"https:\/\/api.w.org\/{rel}","templated":true}]}}