{"id":829,"date":"2020-01-20T09:08:56","date_gmt":"2020-01-20T09:08:56","guid":{"rendered":"https:\/\/wp.deldindesign.de\/?p=829"},"modified":"2020-02-11T12:34:24","modified_gmt":"2020-02-11T12:34:24","slug":"feines","status":"publish","type":"post","link":"https:\/\/deldindesign.de\/index.php\/2020\/01\/20\/feines\/","title":{"rendered":"Feines"},"content":{"rendered":"\t\t<div data-elementor-type=\"wp-post\" data-elementor-id=\"829\" class=\"elementor elementor-829\">\n\t\t\t\t\t\t<section class=\"elementor-section elementor-top-section elementor-element elementor-element-14528749 elementor-section-boxed elementor-section-height-default elementor-section-height-default\" data-id=\"14528749\" data-element_type=\"section\" data-e-type=\"section\">\n\t\t\t\t\t\t<div class=\"elementor-container elementor-column-gap-default\">\n\t\t\t\t\t<div class=\"elementor-column elementor-col-100 elementor-top-column elementor-element elementor-element-6be81d5e\" data-id=\"6be81d5e\" data-element_type=\"column\" data-e-type=\"column\">\n\t\t\t<div class=\"elementor-widget-wrap elementor-element-populated\">\n\t\t\t\t\t\t<div class=\"elementor-element elementor-element-54a971f2 elementor-widget elementor-widget-text-editor\" data-id=\"54a971f2\" data-element_type=\"widget\" data-e-type=\"widget\" data-widget_type=\"text-editor.default\">\n\t\t\t\t<div class=\"elementor-widget-container\">\n\t\t\t\t\t\t\t\t\t<hr \/><h4><span style=\"color: #333333;\">Der Werdegang von \u201eFeines aus dem Einkaufskorb\u201c ist ungew\u00f6hnlich. Normalerweise erscheinen B\u00fccher zun\u00e4chst als Printprodukt und \u2013 in manchen F\u00e4llen \u2013 anschlie\u00dfend als Online-Ausgabe. Bei Feines war es genau umgekehrt: Es entstand direkt als E-Book. Der Herausgeber, der Verband der Hersteller kulinarischer Lebensmittel (VKL), w\u00fcnschte sich ein hochwertiges Verbrauchermedium, das auch alle Mitgliedsunternehmen in ihrer eigenen Kommunikation einsetzen k\u00f6nnen. Als Onlinebuch ist \u201eFeines\u201c leicht mit den einzelnen Websites verkn\u00fcpfbar.<\/span><\/h4><h4><span style=\"color: #333333;\">Das kurzweilige, reich bebilderte Buch informiert \u00fcber Essig und Senf ebenso wie \u00fcber Tomatenketchup. Eine Diplomarbeit \u00fcber die Waren des VKL bot die wissenschaftliche Grundlage, die auf den \u2013 meist weiblichen \u2013 Verbraucher umzulegen war. Au\u00dferdem galt es, die Inhalte auf ein gewisses Lebensgef\u00fchl einzustimmen. Auf ein \u201efeines\u201c.<\/span><\/h4>\t\t\t\t\t\t\t\t<\/div>\n\t\t\t\t<\/div>\n\t\t\t\t<div class=\"elementor-element elementor-element-3fcc0831 elementor-widget elementor-widget-image\" data-id=\"3fcc0831\" data-element_type=\"widget\" data-e-type=\"widget\" data-widget_type=\"image.default\">\n\t\t\t\t<div class=\"elementor-widget-container\">\n\t\t\t\t\t\t\t\t\t\t\t\t\t\t\t<img fetchpriority=\"high\" decoding=\"async\" width=\"1024\" height=\"583\" src=\"https:\/\/deldindesign.de\/wp-content\/uploads\/2020\/01\/Montage_feines-1024x583.jpg\" class=\"attachment-large size-large wp-image-838\" alt=\"\" srcset=\"https:\/\/deldindesign.de\/wp-content\/uploads\/2020\/01\/Montage_feines-1024x583.jpg 1024w, https:\/\/deldindesign.de\/wp-content\/uploads\/2020\/01\/Montage_feines-300x171.jpg 300w, https:\/\/deldindesign.de\/wp-content\/uploads\/2020\/01\/Montage_feines-768x437.jpg 768w\" sizes=\"(max-width: 1024px) 100vw, 1024px\" \/>\t\t\t\t\t\t\t\t\t\t\t\t\t\t\t<\/div>\n\t\t\t\t<\/div>\n\t\t\t\t\t<\/div>\n\t\t<\/div>\n\t\t\t\t\t<\/div>\n\t\t<\/section>\n\t\t\t\t<section class=\"elementor-section elementor-top-section elementor-element elementor-element-3c1abf12 elementor-section-boxed elementor-section-height-default elementor-section-height-default\" data-id=\"3c1abf12\" data-element_type=\"section\" data-e-type=\"section\">\n\t\t\t\t\t\t<div class=\"elementor-container elementor-column-gap-default\">\n\t\t\t\t\t<div class=\"elementor-column elementor-col-100 elementor-top-column elementor-element elementor-element-3486edc6\" data-id=\"3486edc6\" data-element_type=\"column\" data-e-type=\"column\">\n\t\t\t<div class=\"elementor-widget-wrap elementor-element-populated\">\n\t\t\t\t\t\t<div class=\"elementor-element elementor-element-1c9b03e7 elementor-widget elementor-widget-text-editor\" data-id=\"1c9b03e7\" data-element_type=\"widget\" data-e-type=\"widget\" data-widget_type=\"text-editor.default\">\n\t\t\t\t<div class=\"elementor-widget-container\">\n\t\t\t\t\t\t\t\t\t<hr \/><p>\u00a0<\/p>\t\t\t\t\t\t\t\t<\/div>\n\t\t\t\t<\/div>\n\t\t\t\t\t<\/div>\n\t\t<\/div>\n\t\t\t\t\t<\/div>\n\t\t<\/section>\n\t\t\t\t<\/div>\n\t\t","protected":false},"excerpt":{"rendered":"<p>Der Werdegang von \u201eFeines aus dem Einkaufskorb\u201c ist ungew\u00f6hnlich. Normalerweise erscheinen B\u00fccher zun\u00e4chst als Printprodukt und \u2013 in manchen F\u00e4llen \u2013 anschlie\u00dfend als Online-Ausgabe. Bei Feines war es genau umgekehrt: Es entstand direkt als E-Book. Der Herausgeber, der Verband der Hersteller kulinarischer Lebensmittel (VKL), w\u00fcnschte [&hellip;]<\/p>\n","protected":false},"author":1,"featured_media":836,"comment_status":"closed","ping_status":"closed","sticky":false,"template":"","format":"standard","meta":{"footnotes":""},"categories":[19,16],"tags":[],"class_list":["post-829","post","type-post","status-publish","format-standard","has-post-thumbnail","hentry","category-landscape","category-corporate-book"],"yoast_head":"<!-- This site is optimized with the Yoast SEO plugin v27.5 - https:\/\/yoast.com\/product\/yoast-seo-wordpress\/ -->\n<title>Feines - del din design Feines<\/title>\n<meta name=\"robots\" content=\"index, follow, max-snippet:-1, max-image-preview:large, max-video-preview:-1\" \/>\n<link rel=\"canonical\" href=\"https:\/\/deldindesign.de\/index.php\/2020\/01\/20\/feines\/\" \/>\n<meta property=\"og:locale\" content=\"de_DE\" \/>\n<meta property=\"og:type\" content=\"article\" \/>\n<meta property=\"og:title\" content=\"Feines - del din design Feines\" \/>\n<meta property=\"og:description\" content=\"Der Werdegang von \u201eFeines aus dem Einkaufskorb\u201c ist ungew\u00f6hnlich. Normalerweise erscheinen B\u00fccher zun\u00e4chst als Printprodukt und \u2013 in manchen F\u00e4llen \u2013 anschlie\u00dfend als Online-Ausgabe. Bei Feines war es genau umgekehrt: Es entstand direkt als E-Book. Der Herausgeber, der Verband der Hersteller kulinarischer Lebensmittel (VKL), w\u00fcnschte [&hellip;]\" \/>\n<meta property=\"og:url\" content=\"https:\/\/deldindesign.de\/index.php\/2020\/01\/20\/feines\/\" \/>\n<meta property=\"og:site_name\" content=\"del din design\" \/>\n<meta property=\"article:published_time\" content=\"2020-01-20T09:08:56+00:00\" \/>\n<meta property=\"article:modified_time\" content=\"2020-02-11T12:34:24+00:00\" \/>\n<meta property=\"og:image\" content=\"https:\/\/deldindesign.de\/wp-content\/uploads\/2020\/01\/Feines_Titel.jpg\" \/>\n\t<meta property=\"og:image:width\" content=\"970\" \/>\n\t<meta property=\"og:image:height\" content=\"1293\" \/>\n\t<meta property=\"og:image:type\" content=\"image\/jpeg\" \/>\n<meta name=\"author\" content=\"deldindesign\" \/>\n<meta name=\"twitter:card\" content=\"summary_large_image\" \/>\n<meta name=\"twitter:label1\" content=\"Verfasst von\" \/>\n\t<meta name=\"twitter:data1\" content=\"deldindesign\" \/>\n\t<meta name=\"twitter:label2\" content=\"Gesch\u00e4tzte Lesezeit\" \/>\n\t<meta name=\"twitter:data2\" content=\"1\u00a0Minute\" \/>\n<script type=\"application\/ld+json\" class=\"yoast-schema-graph\">{\"@context\":\"https:\\\/\\\/schema.org\",\"@graph\":[{\"@type\":\"Article\",\"@id\":\"https:\\\/\\\/deldindesign.de\\\/index.php\\\/2020\\\/01\\\/20\\\/feines\\\/#article\",\"isPartOf\":{\"@id\":\"https:\\\/\\\/deldindesign.de\\\/index.php\\\/2020\\\/01\\\/20\\\/feines\\\/\"},\"author\":{\"name\":\"deldindesign\",\"@id\":\"https:\\\/\\\/deldindesign.de\\\/#\\\/schema\\\/person\\\/58991c77e781cd3e8c254d59ed6d4e59\"},\"headline\":\"Feines\",\"datePublished\":\"2020-01-20T09:08:56+00:00\",\"dateModified\":\"2020-02-11T12:34:24+00:00\",\"mainEntityOfPage\":{\"@id\":\"https:\\\/\\\/deldindesign.de\\\/index.php\\\/2020\\\/01\\\/20\\\/feines\\\/\"},\"wordCount\":124,\"publisher\":{\"@id\":\"https:\\\/\\\/deldindesign.de\\\/#\\\/schema\\\/person\\\/58991c77e781cd3e8c254d59ed6d4e59\"},\"image\":{\"@id\":\"https:\\\/\\\/deldindesign.de\\\/index.php\\\/2020\\\/01\\\/20\\\/feines\\\/#primaryimage\"},\"thumbnailUrl\":\"https:\\\/\\\/deldindesign.de\\\/wp-content\\\/uploads\\\/2020\\\/01\\\/Feines_Titel.jpg\",\"articleSection\":[\"All\",\"Corporate Book\"],\"inLanguage\":\"de\"},{\"@type\":\"WebPage\",\"@id\":\"https:\\\/\\\/deldindesign.de\\\/index.php\\\/2020\\\/01\\\/20\\\/feines\\\/\",\"url\":\"https:\\\/\\\/deldindesign.de\\\/index.php\\\/2020\\\/01\\\/20\\\/feines\\\/\",\"name\":\"Feines - del din design Feines\",\"isPartOf\":{\"@id\":\"https:\\\/\\\/deldindesign.de\\\/#website\"},\"primaryImageOfPage\":{\"@id\":\"https:\\\/\\\/deldindesign.de\\\/index.php\\\/2020\\\/01\\\/20\\\/feines\\\/#primaryimage\"},\"image\":{\"@id\":\"https:\\\/\\\/deldindesign.de\\\/index.php\\\/2020\\\/01\\\/20\\\/feines\\\/#primaryimage\"},\"thumbnailUrl\":\"https:\\\/\\\/deldindesign.de\\\/wp-content\\\/uploads\\\/2020\\\/01\\\/Feines_Titel.jpg\",\"datePublished\":\"2020-01-20T09:08:56+00:00\",\"dateModified\":\"2020-02-11T12:34:24+00:00\",\"breadcrumb\":{\"@id\":\"https:\\\/\\\/deldindesign.de\\\/index.php\\\/2020\\\/01\\\/20\\\/feines\\\/#breadcrumb\"},\"inLanguage\":\"de\",\"potentialAction\":[{\"@type\":\"ReadAction\",\"target\":[\"https:\\\/\\\/deldindesign.de\\\/index.php\\\/2020\\\/01\\\/20\\\/feines\\\/\"]}]},{\"@type\":\"ImageObject\",\"inLanguage\":\"de\",\"@id\":\"https:\\\/\\\/deldindesign.de\\\/index.php\\\/2020\\\/01\\\/20\\\/feines\\\/#primaryimage\",\"url\":\"https:\\\/\\\/deldindesign.de\\\/wp-content\\\/uploads\\\/2020\\\/01\\\/Feines_Titel.jpg\",\"contentUrl\":\"https:\\\/\\\/deldindesign.de\\\/wp-content\\\/uploads\\\/2020\\\/01\\\/Feines_Titel.jpg\",\"width\":970,\"height\":1293},{\"@type\":\"BreadcrumbList\",\"@id\":\"https:\\\/\\\/deldindesign.de\\\/index.php\\\/2020\\\/01\\\/20\\\/feines\\\/#breadcrumb\",\"itemListElement\":[{\"@type\":\"ListItem\",\"position\":1,\"name\":\"Startseite\",\"item\":\"https:\\\/\\\/deldindesign.de\\\/\"},{\"@type\":\"ListItem\",\"position\":2,\"name\":\"Feines\"}]},{\"@type\":\"WebSite\",\"@id\":\"https:\\\/\\\/deldindesign.de\\\/#website\",\"url\":\"https:\\\/\\\/deldindesign.de\\\/\",\"name\":\"del din design\",\"description\":\"Agentur f\u00fcr Kommunikationsdesign\",\"publisher\":{\"@id\":\"https:\\\/\\\/deldindesign.de\\\/#\\\/schema\\\/person\\\/58991c77e781cd3e8c254d59ed6d4e59\"},\"potentialAction\":[{\"@type\":\"SearchAction\",\"target\":{\"@type\":\"EntryPoint\",\"urlTemplate\":\"https:\\\/\\\/deldindesign.de\\\/?s={search_term_string}\"},\"query-input\":{\"@type\":\"PropertyValueSpecification\",\"valueRequired\":true,\"valueName\":\"search_term_string\"}}],\"inLanguage\":\"de\"},{\"@type\":[\"Person\",\"Organization\"],\"@id\":\"https:\\\/\\\/deldindesign.de\\\/#\\\/schema\\\/person\\\/58991c77e781cd3e8c254d59ed6d4e59\",\"name\":\"deldindesign\",\"logo\":{\"@id\":\"https:\\\/\\\/deldindesign.de\\\/#\\\/schema\\\/person\\\/image\\\/\"},\"url\":\"https:\\\/\\\/deldindesign.de\\\/index.php\\\/author\\\/deldindesign\\\/\"}]}<\/script>\n<!-- \/ Yoast SEO plugin. -->","yoast_head_json":{"title":"Feines - del din design Feines","robots":{"index":"index","follow":"follow","max-snippet":"max-snippet:-1","max-image-preview":"max-image-preview:large","max-video-preview":"max-video-preview:-1"},"canonical":"https:\/\/deldindesign.de\/index.php\/2020\/01\/20\/feines\/","og_locale":"de_DE","og_type":"article","og_title":"Feines - del din design Feines","og_description":"Der Werdegang von \u201eFeines aus dem Einkaufskorb\u201c ist ungew\u00f6hnlich. Normalerweise erscheinen B\u00fccher zun\u00e4chst als Printprodukt und \u2013 in manchen F\u00e4llen \u2013 anschlie\u00dfend als Online-Ausgabe. Bei Feines war es genau umgekehrt: Es entstand direkt als E-Book. Der Herausgeber, der Verband der Hersteller kulinarischer Lebensmittel (VKL), w\u00fcnschte [&hellip;]","og_url":"https:\/\/deldindesign.de\/index.php\/2020\/01\/20\/feines\/","og_site_name":"del din design","article_published_time":"2020-01-20T09:08:56+00:00","article_modified_time":"2020-02-11T12:34:24+00:00","og_image":[{"width":970,"height":1293,"url":"https:\/\/deldindesign.de\/wp-content\/uploads\/2020\/01\/Feines_Titel.jpg","type":"image\/jpeg"}],"author":"deldindesign","twitter_card":"summary_large_image","twitter_misc":{"Verfasst von":"deldindesign","Gesch\u00e4tzte Lesezeit":"1\u00a0Minute"},"schema":{"@context":"https:\/\/schema.org","@graph":[{"@type":"Article","@id":"https:\/\/deldindesign.de\/index.php\/2020\/01\/20\/feines\/#article","isPartOf":{"@id":"https:\/\/deldindesign.de\/index.php\/2020\/01\/20\/feines\/"},"author":{"name":"deldindesign","@id":"https:\/\/deldindesign.de\/#\/schema\/person\/58991c77e781cd3e8c254d59ed6d4e59"},"headline":"Feines","datePublished":"2020-01-20T09:08:56+00:00","dateModified":"2020-02-11T12:34:24+00:00","mainEntityOfPage":{"@id":"https:\/\/deldindesign.de\/index.php\/2020\/01\/20\/feines\/"},"wordCount":124,"publisher":{"@id":"https:\/\/deldindesign.de\/#\/schema\/person\/58991c77e781cd3e8c254d59ed6d4e59"},"image":{"@id":"https:\/\/deldindesign.de\/index.php\/2020\/01\/20\/feines\/#primaryimage"},"thumbnailUrl":"https:\/\/deldindesign.de\/wp-content\/uploads\/2020\/01\/Feines_Titel.jpg","articleSection":["All","Corporate Book"],"inLanguage":"de"},{"@type":"WebPage","@id":"https:\/\/deldindesign.de\/index.php\/2020\/01\/20\/feines\/","url":"https:\/\/deldindesign.de\/index.php\/2020\/01\/20\/feines\/","name":"Feines - del din design Feines","isPartOf":{"@id":"https:\/\/deldindesign.de\/#website"},"primaryImageOfPage":{"@id":"https:\/\/deldindesign.de\/index.php\/2020\/01\/20\/feines\/#primaryimage"},"image":{"@id":"https:\/\/deldindesign.de\/index.php\/2020\/01\/20\/feines\/#primaryimage"},"thumbnailUrl":"https:\/\/deldindesign.de\/wp-content\/uploads\/2020\/01\/Feines_Titel.jpg","datePublished":"2020-01-20T09:08:56+00:00","dateModified":"2020-02-11T12:34:24+00:00","breadcrumb":{"@id":"https:\/\/deldindesign.de\/index.php\/2020\/01\/20\/feines\/#breadcrumb"},"inLanguage":"de","potentialAction":[{"@type":"ReadAction","target":["https:\/\/deldindesign.de\/index.php\/2020\/01\/20\/feines\/"]}]},{"@type":"ImageObject","inLanguage":"de","@id":"https:\/\/deldindesign.de\/index.php\/2020\/01\/20\/feines\/#primaryimage","url":"https:\/\/deldindesign.de\/wp-content\/uploads\/2020\/01\/Feines_Titel.jpg","contentUrl":"https:\/\/deldindesign.de\/wp-content\/uploads\/2020\/01\/Feines_Titel.jpg","width":970,"height":1293},{"@type":"BreadcrumbList","@id":"https:\/\/deldindesign.de\/index.php\/2020\/01\/20\/feines\/#breadcrumb","itemListElement":[{"@type":"ListItem","position":1,"name":"Startseite","item":"https:\/\/deldindesign.de\/"},{"@type":"ListItem","position":2,"name":"Feines"}]},{"@type":"WebSite","@id":"https:\/\/deldindesign.de\/#website","url":"https:\/\/deldindesign.de\/","name":"del din design","description":"Agentur f\u00fcr Kommunikationsdesign","publisher":{"@id":"https:\/\/deldindesign.de\/#\/schema\/person\/58991c77e781cd3e8c254d59ed6d4e59"},"potentialAction":[{"@type":"SearchAction","target":{"@type":"EntryPoint","urlTemplate":"https:\/\/deldindesign.de\/?s={search_term_string}"},"query-input":{"@type":"PropertyValueSpecification","valueRequired":true,"valueName":"search_term_string"}}],"inLanguage":"de"},{"@type":["Person","Organization"],"@id":"https:\/\/deldindesign.de\/#\/schema\/person\/58991c77e781cd3e8c254d59ed6d4e59","name":"deldindesign","logo":{"@id":"https:\/\/deldindesign.de\/#\/schema\/person\/image\/"},"url":"https:\/\/deldindesign.de\/index.php\/author\/deldindesign\/"}]}},"_links":{"self":[{"href":"https:\/\/deldindesign.de\/index.php\/wp-json\/wp\/v2\/posts\/829","targetHints":{"allow":["GET"]}}],"collection":[{"href":"https:\/\/deldindesign.de\/index.php\/wp-json\/wp\/v2\/posts"}],"about":[{"href":"https:\/\/deldindesign.de\/index.php\/wp-json\/wp\/v2\/types\/post"}],"author":[{"embeddable":true,"href":"https:\/\/deldindesign.de\/index.php\/wp-json\/wp\/v2\/users\/1"}],"replies":[{"embeddable":true,"href":"https:\/\/deldindesign.de\/index.php\/wp-json\/wp\/v2\/comments?post=829"}],"version-history":[{"count":0,"href":"https:\/\/deldindesign.de\/index.php\/wp-json\/wp\/v2\/posts\/829\/revisions"}],"wp:featuredmedia":[{"embeddable":true,"href":"https:\/\/deldindesign.de\/index.php\/wp-json\/wp\/v2\/media\/836"}],"wp:attachment":[{"href":"https:\/\/deldindesign.de\/index.php\/wp-json\/wp\/v2\/media?parent=829"}],"wp:term":[{"taxonomy":"category","embeddable":true,"href":"https:\/\/deldindesign.de\/index.php\/wp-json\/wp\/v2\/categories?post=829"},{"taxonomy":"post_tag","embeddable":true,"href":"https:\/\/deldindesign.de\/index.php\/wp-json\/wp\/v2\/tags?post=829"}],"curies":[{"name":"wp","href":"https:\/\/api.w.org\/{rel}","templated":true}]}}